{"id":968,"date":"2018-02-14T10:39:55","date_gmt":"2018-02-14T10:39:55","guid":{"rendered":"http:\/\/mavereck.de\/?p=968"},"modified":"2019-05-03T18:28:23","modified_gmt":"2019-05-03T18:28:23","slug":"schoene-arbeitsplaetze-porsche-917","status":"publish","type":"post","link":"http:\/\/mavereck.de\/?p=968","title":{"rendered":"Sch\u00f6ne Arbeitspl\u00e4tze &#8211; Porsche 917"},"content":{"rendered":"<blockquote><p>Der Porsche 917 &#8211; die Legende!<\/p>\n<p>Einen weiteren sch\u00f6nen Arbeitsplatz m\u00f6chte ich aus meinem letzten Besuch des <a href=\"https:\/\/www.porsche.com\/museum\/de\/\">Porsche Museums<\/a> vorstellen. Die Legende, eine Ikone des Motorsports &#8211; im Englischen w\u00fcrde man vermutlich sagen &#8222;the most iconic racecar ever&#8220; &#8211; der Porsche 917K, wobei das K f\u00fcr Kurzheck steht, war der Beginn einer neuen \u00c4ra. Ende der 60er wollte Porsche mit dem 917 endlich den Makel des Klassensiegers ablegen und aus dem Schatten anderer gro\u00dfer Marken wie Ferrari und Ford heraustreten. \u00a0Es galt bei den gro\u00dfen Klassikern nicht mehr nur um Klassensiege mit zu fahren, Porsche wollte gewinnen&#8230;<a href=\"https:\/\/www.lemans.org\/en\">Le Mans<\/a>, <a href=\"http:\/\/www.daytonainternationalspeedway.com\/Events\/2018\/Rolex-24-At-DAYTONA\/Rolex-24-At-Daytona.aspx\">Daytona<\/a>, <a href=\"http:\/\/www.spa-francorchamps.be\/de\">Spa<\/a> &#8211; als Sieger aller Klassen! Und es gelang. Porsche gewann mit dem 4,5 Liter gro\u00dfen 12 Zylinder Boxer im 917K, den es sp\u00e4ter noch in diversen Derivaten mit 4,9 und 5 Liter gro\u00dfen Motoren und mit weit mehr als 1000PS gab, 1970 zum ersten Mal das bedeutendste aller Rennen f\u00fcr Sportprototypen, <a href=\"https:\/\/www.lemans.org\/en\">Le Mans<\/a>. Hans Herrmann und Richard Attwood holten, auf dem von Porsche Salzburg eingesetzten rot-weiss lackierten 917K den ersten Gesamtsieg bei den legend\u00e4ren 24 Stunden von Le Mans.<\/p>\n<p>Der auf zwei Bildern angeschnittene 917\/20, wegen seiner speziellen Lackierung auch genannt &#8222;die Sau&#8220;, war ein Einzelst\u00fcck, das zusammen mit der f\u00fcr Aerodynamik bekannten franz\u00f6sischen Firma SERA gebaut wurde und die Vorz\u00fcge das Kurz- und des Langheck 917 f\u00fcr Le Mans vereinen sollte. Der 917\/20 genannte Spezial-917 verbl\u00fcffte 1971 die Motorsportwelt und gewann sensationell, obwohl vollkommen unerprobt, das Vortraining zu den 24 Stunden von Le Mans. Im Rennen schied &#8222;die Sau&#8220;, an f\u00fcnfter Stelle liegend, jedoch leider kurz vor Schluss aus.<\/p>\n<div id='gallery-1' class='gallery galleryid-968 gallery-columns-3 gallery-size-large'><figure class='gallery-item'>\n\t\t\t<div class='gallery-icon landscape'>\n\t\t\t\t<a href='http:\/\/mavereck.de\/wp-content\/uploads\/2018\/02\/DSC_1110_X_DxO.jpg'><img width=\"700\" height=\"467\" src=\"http:\/\/mavereck.de\/wp-content\/uploads\/2018\/02\/DSC_1110_X_DxO-700x467.jpg\" class=\"attachment-large size-large\" alt=\"\" loading=\"lazy\" aria-describedby=\"gallery-1-911\" srcset=\"http:\/\/mavereck.de\/wp-content\/uploads\/2018\/02\/DSC_1110_X_DxO-700x467.jpg 700w, http:\/\/mavereck.de\/wp-content\/uploads\/2018\/02\/DSC_1110_X_DxO-300x200.jpg 300w, http:\/\/mavereck.de\/wp-content\/uploads\/2018\/02\/DSC_1110_X_DxO-768x513.jpg 768w\" sizes=\"(max-width: 700px) 100vw, 700px\" itemprop=\"image\" \/><\/a>\n\t\t\t<\/div>\n\t\t\t\t<figcaption class='wp-caption-text gallery-caption' id='gallery-1-911'>\n\t\t\t\tPorsche 917k\n\t\t\t\t<\/figcaption><\/figure><figure class='gallery-item'>\n\t\t\t<div class='gallery-icon landscape'>\n\t\t\t\t<a href='http:\/\/mavereck.de\/wp-content\/uploads\/2018\/02\/DSC_1125_B_DxO.jpg'><img width=\"700\" height=\"467\" src=\"http:\/\/mavereck.de\/wp-content\/uploads\/2018\/02\/DSC_1125_B_DxO-700x467.jpg\" class=\"attachment-large size-large\" alt=\"\" loading=\"lazy\" aria-describedby=\"gallery-1-933\" srcset=\"http:\/\/mavereck.de\/wp-content\/uploads\/2018\/02\/DSC_1125_B_DxO-700x467.jpg 700w, http:\/\/mavereck.de\/wp-content\/uploads\/2018\/02\/DSC_1125_B_DxO-300x200.jpg 300w, http:\/\/mavereck.de\/wp-content\/uploads\/2018\/02\/DSC_1125_B_DxO-768x513.jpg 768w, http:\/\/mavereck.de\/wp-content\/uploads\/2018\/02\/DSC_1125_B_DxO.jpg 1600w\" sizes=\"(max-width: 700px) 100vw, 700px\" itemprop=\"image\" \/><\/a>\n\t\t\t<\/div>\n\t\t\t\t<figcaption class='wp-caption-text gallery-caption' id='gallery-1-933'>\n\t\t\t\tPorsche 917k\n\t\t\t\t<\/figcaption><\/figure><figure class='gallery-item'>\n\t\t\t<div class='gallery-icon landscape'>\n\t\t\t\t<a href='http:\/\/mavereck.de\/wp-content\/uploads\/2018\/02\/DSC_1095_B_DxO-1.jpg'><img width=\"700\" height=\"467\" src=\"http:\/\/mavereck.de\/wp-content\/uploads\/2018\/02\/DSC_1095_B_DxO-1-700x467.jpg\" class=\"attachment-large size-large\" alt=\"\" loading=\"lazy\" aria-describedby=\"gallery-1-972\" srcset=\"http:\/\/mavereck.de\/wp-content\/uploads\/2018\/02\/DSC_1095_B_DxO-1-700x467.jpg 700w, http:\/\/mavereck.de\/wp-content\/uploads\/2018\/02\/DSC_1095_B_DxO-1-300x200.jpg 300w, http:\/\/mavereck.de\/wp-content\/uploads\/2018\/02\/DSC_1095_B_DxO-1-768x513.jpg 768w, http:\/\/mavereck.de\/wp-content\/uploads\/2018\/02\/DSC_1095_B_DxO-1.jpg 1600w\" sizes=\"(max-width: 700px) 100vw, 700px\" itemprop=\"image\" \/><\/a>\n\t\t\t<\/div>\n\t\t\t\t<figcaption class='wp-caption-text gallery-caption' id='gallery-1-972'>\n\t\t\t\tPorsche 917k\n\t\t\t\t<\/figcaption><\/figure><figure class='gallery-item'>\n\t\t\t<div class='gallery-icon landscape'>\n\t\t\t\t<a href='http:\/\/mavereck.de\/wp-content\/uploads\/2018\/02\/DSC_1104_X_DxO.jpg'><img width=\"700\" height=\"467\" src=\"http:\/\/mavereck.de\/wp-content\/uploads\/2018\/02\/DSC_1104_X_DxO-700x467.jpg\" class=\"attachment-large size-large\" alt=\"\" loading=\"lazy\" aria-describedby=\"gallery-1-916\" srcset=\"http:\/\/mavereck.de\/wp-content\/uploads\/2018\/02\/DSC_1104_X_DxO-700x467.jpg 700w, http:\/\/mavereck.de\/wp-content\/uploads\/2018\/02\/DSC_1104_X_DxO-300x200.jpg 300w, http:\/\/mavereck.de\/wp-content\/uploads\/2018\/02\/DSC_1104_X_DxO-768x513.jpg 768w\" sizes=\"(max-width: 700px) 100vw, 700px\" itemprop=\"image\" \/><\/a>\n\t\t\t<\/div>\n\t\t\t\t<figcaption class='wp-caption-text gallery-caption' id='gallery-1-916'>\n\t\t\t\tPorsche 917k\n\t\t\t\t<\/figcaption><\/figure><figure class='gallery-item'>\n\t\t\t<div class='gallery-icon landscape'>\n\t\t\t\t<a href='http:\/\/mavereck.de\/wp-content\/uploads\/2018\/02\/DSC_1112_B_DxO.jpg'><img width=\"700\" height=\"467\" src=\"http:\/\/mavereck.de\/wp-content\/uploads\/2018\/02\/DSC_1112_B_DxO-700x467.jpg\" class=\"attachment-large size-large\" alt=\"\" loading=\"lazy\" aria-describedby=\"gallery-1-941\" srcset=\"http:\/\/mavereck.de\/wp-content\/uploads\/2018\/02\/DSC_1112_B_DxO-700x467.jpg 700w, http:\/\/mavereck.de\/wp-content\/uploads\/2018\/02\/DSC_1112_B_DxO-300x200.jpg 300w, http:\/\/mavereck.de\/wp-content\/uploads\/2018\/02\/DSC_1112_B_DxO-768x513.jpg 768w, http:\/\/mavereck.de\/wp-content\/uploads\/2018\/02\/DSC_1112_B_DxO.jpg 1600w\" sizes=\"(max-width: 700px) 100vw, 700px\" itemprop=\"image\" \/><\/a>\n\t\t\t<\/div>\n\t\t\t\t<figcaption class='wp-caption-text gallery-caption' id='gallery-1-941'>\n\t\t\t\tPorsche 917k\n\t\t\t\t<\/figcaption><\/figure><figure class='gallery-item'>\n\t\t\t<div class='gallery-icon landscape'>\n\t\t\t\t<a href='http:\/\/mavereck.de\/wp-content\/uploads\/2018\/02\/DSC_1115_X_DxO.jpg'><img width=\"700\" height=\"467\" src=\"http:\/\/mavereck.de\/wp-content\/uploads\/2018\/02\/DSC_1115_X_DxO-700x467.jpg\" class=\"attachment-large size-large\" alt=\"\" loading=\"lazy\" aria-describedby=\"gallery-1-921\" srcset=\"http:\/\/mavereck.de\/wp-content\/uploads\/2018\/02\/DSC_1115_X_DxO-700x467.jpg 700w, http:\/\/mavereck.de\/wp-content\/uploads\/2018\/02\/DSC_1115_X_DxO-300x200.jpg 300w, http:\/\/mavereck.de\/wp-content\/uploads\/2018\/02\/DSC_1115_X_DxO-768x513.jpg 768w\" sizes=\"(max-width: 700px) 100vw, 700px\" itemprop=\"image\" \/><\/a>\n\t\t\t<\/div>\n\t\t\t\t<figcaption class='wp-caption-text gallery-caption' id='gallery-1-921'>\n\t\t\t\tPorsche 917k\n\t\t\t\t<\/figcaption><\/figure><figure class='gallery-item'>\n\t\t\t<div class='gallery-icon landscape'>\n\t\t\t\t<a href='http:\/\/mavereck.de\/wp-content\/uploads\/2018\/02\/DSC_1114_X_DxO.jpg'><img width=\"700\" height=\"467\" src=\"http:\/\/mavereck.de\/wp-content\/uploads\/2018\/02\/DSC_1114_X_DxO-700x467.jpg\" class=\"attachment-large size-large\" alt=\"\" loading=\"lazy\" aria-describedby=\"gallery-1-920\" srcset=\"http:\/\/mavereck.de\/wp-content\/uploads\/2018\/02\/DSC_1114_X_DxO-700x467.jpg 700w, http:\/\/mavereck.de\/wp-content\/uploads\/2018\/02\/DSC_1114_X_DxO-300x200.jpg 300w, http:\/\/mavereck.de\/wp-content\/uploads\/2018\/02\/DSC_1114_X_DxO-768x513.jpg 768w\" sizes=\"(max-width: 700px) 100vw, 700px\" itemprop=\"image\" \/><\/a>\n\t\t\t<\/div>\n\t\t\t\t<figcaption class='wp-caption-text gallery-caption' id='gallery-1-920'>\n\t\t\t\tPorsche 917k\n\t\t\t\t<\/figcaption><\/figure><figure class='gallery-item'>\n\t\t\t<div class='gallery-icon landscape'>\n\t\t\t\t<a href='http:\/\/mavereck.de\/wp-content\/uploads\/2018\/02\/DSC_1113_X_DxO.jpg'><img width=\"700\" height=\"467\" src=\"http:\/\/mavereck.de\/wp-content\/uploads\/2018\/02\/DSC_1113_X_DxO-700x467.jpg\" class=\"attachment-large size-large\" alt=\"\" loading=\"lazy\" aria-describedby=\"gallery-1-919\" srcset=\"http:\/\/mavereck.de\/wp-content\/uploads\/2018\/02\/DSC_1113_X_DxO-700x467.jpg 700w, http:\/\/mavereck.de\/wp-content\/uploads\/2018\/02\/DSC_1113_X_DxO-300x200.jpg 300w, http:\/\/mavereck.de\/wp-content\/uploads\/2018\/02\/DSC_1113_X_DxO-768x513.jpg 768w\" sizes=\"(max-width: 700px) 100vw, 700px\" itemprop=\"image\" \/><\/a>\n\t\t\t<\/div>\n\t\t\t\t<figcaption class='wp-caption-text gallery-caption' id='gallery-1-919'>\n\t\t\t\tPorsche 917k\n\t\t\t\t<\/figcaption><\/figure><figure class='gallery-item'>\n\t\t\t<div class='gallery-icon landscape'>\n\t\t\t\t<a href='http:\/\/mavereck.de\/wp-content\/uploads\/2018\/02\/DSC_1111_X_DxO-1.jpg'><img width=\"700\" height=\"467\" src=\"http:\/\/mavereck.de\/wp-content\/uploads\/2018\/02\/DSC_1111_X_DxO-1-700x467.jpg\" class=\"attachment-large size-large\" alt=\"\" loading=\"lazy\" aria-describedby=\"gallery-1-918\" srcset=\"http:\/\/mavereck.de\/wp-content\/uploads\/2018\/02\/DSC_1111_X_DxO-1-700x467.jpg 700w, http:\/\/mavereck.de\/wp-content\/uploads\/2018\/02\/DSC_1111_X_DxO-1-300x200.jpg 300w, http:\/\/mavereck.de\/wp-content\/uploads\/2018\/02\/DSC_1111_X_DxO-1-768x513.jpg 768w\" sizes=\"(max-width: 700px) 100vw, 700px\" itemprop=\"image\" \/><\/a>\n\t\t\t<\/div>\n\t\t\t\t<figcaption class='wp-caption-text gallery-caption' id='gallery-1-918'>\n\t\t\t\tPorsche 917\/20 &#8211; &#8222;die Sau&#8220;\n\t\t\t\t<\/figcaption><\/figure><figure class='gallery-item'>\n\t\t\t<div class='gallery-icon portrait'>\n\t\t\t\t<a href='http:\/\/mavereck.de\/wp-content\/uploads\/2018\/02\/DSC_1125_B_DxO-1.jpg'><img width=\"700\" height=\"1049\" src=\"http:\/\/mavereck.de\/wp-content\/uploads\/2018\/02\/DSC_1125_B_DxO-1-700x1049.jpg\" class=\"attachment-large size-large\" alt=\"\" loading=\"lazy\" aria-describedby=\"gallery-1-944\" srcset=\"http:\/\/mavereck.de\/wp-content\/uploads\/2018\/02\/DSC_1125_B_DxO-1-700x1049.jpg 700w, http:\/\/mavereck.de\/wp-content\/uploads\/2018\/02\/DSC_1125_B_DxO-1-200x300.jpg 200w, http:\/\/mavereck.de\/wp-content\/uploads\/2018\/02\/DSC_1125_B_DxO-1-768x1151.jpg 768w, http:\/\/mavereck.de\/wp-content\/uploads\/2018\/02\/DSC_1125_B_DxO-1.jpg 1068w\" sizes=\"(max-width: 700px) 100vw, 700px\" itemprop=\"image\" \/><\/a>\n\t\t\t<\/div>\n\t\t\t\t<figcaption class='wp-caption-text gallery-caption' id='gallery-1-944'>\n\t\t\t\tPorsche 917k\n\t\t\t\t<\/figcaption><\/figure><figure class='gallery-item'>\n\t\t\t<div class='gallery-icon portrait'>\n\t\t\t\t<a href='http:\/\/mavereck.de\/wp-content\/uploads\/2018\/02\/DSC_1095_2B_DxO.jpg'><img width=\"700\" height=\"1053\" src=\"http:\/\/mavereck.de\/wp-content\/uploads\/2018\/02\/DSC_1095_2B_DxO-700x1053.jpg\" class=\"attachment-large size-large\" alt=\"\" loading=\"lazy\" aria-describedby=\"gallery-1-974\" srcset=\"http:\/\/mavereck.de\/wp-content\/uploads\/2018\/02\/DSC_1095_2B_DxO-700x1053.jpg 700w, http:\/\/mavereck.de\/wp-content\/uploads\/2018\/02\/DSC_1095_2B_DxO-200x300.jpg 200w, http:\/\/mavereck.de\/wp-content\/uploads\/2018\/02\/DSC_1095_2B_DxO-768x1155.jpg 768w, http:\/\/mavereck.de\/wp-content\/uploads\/2018\/02\/DSC_1095_2B_DxO.jpg 1064w\" sizes=\"(max-width: 700px) 100vw, 700px\" itemprop=\"image\" \/><\/a>\n\t\t\t<\/div>\n\t\t\t\t<figcaption class='wp-caption-text gallery-caption' id='gallery-1-974'>\n\t\t\t\tPorsche 917k\n\t\t\t\t<\/figcaption><\/figure><figure class='gallery-item'>\n\t\t\t<div class='gallery-icon portrait'>\n\t\t\t\t<a href='http:\/\/mavereck.de\/wp-content\/uploads\/2018\/02\/DSC_1105_X_DxO.jpg'><img width=\"700\" height=\"1049\" src=\"http:\/\/mavereck.de\/wp-content\/uploads\/2018\/02\/DSC_1105_X_DxO-700x1049.jpg\" class=\"attachment-large size-large\" alt=\"\" loading=\"lazy\" aria-describedby=\"gallery-1-910\" srcset=\"http:\/\/mavereck.de\/wp-content\/uploads\/2018\/02\/DSC_1105_X_DxO-700x1049.jpg 700w, http:\/\/mavereck.de\/wp-content\/uploads\/2018\/02\/DSC_1105_X_DxO-200x300.jpg 200w, http:\/\/mavereck.de\/wp-content\/uploads\/2018\/02\/DSC_1105_X_DxO-768x1151.jpg 768w\" sizes=\"(max-width: 700px) 100vw, 700px\" itemprop=\"image\" \/><\/a>\n\t\t\t<\/div>\n\t\t\t\t<figcaption class='wp-caption-text gallery-caption' id='gallery-1-910'>\n\t\t\t\tPorsche 917k\n\t\t\t\t<\/figcaption><\/figure>\n\t\t<\/div>\n<\/blockquote>\n","protected":false},"excerpt":{"rendered":"<p>Der Porsche 917 &#8211; die Legende! Einen weiteren sch\u00f6nen Arbeitsplatz m\u00f6chte ich aus meinem letzten Besuch des Porsche Museums vorstellen. Die Legende, eine Ikone des Motorsports &#8211; im Englischen w\u00fcrde man vermutlich sagen &#8222;the most iconic racecar ever&#8220; &#8211; der Porsche 917K, wobei das K f\u00fcr Kurzheck steht, war der Beginn einer neuen \u00c4ra. Ende&hellip;<\/p>\n","protected":false},"author":1,"featured_media":919,"comment_status":"open","ping_status":"open","sticky":false,"template":"","format":"standard","meta":[],"categories":[93,51,42],"tags":[95,43,94,100,45,46,120],"_links":{"self":[{"href":"http:\/\/mavereck.de\/index.php?rest_route=\/wp\/v2\/posts\/968"}],"collection":[{"href":"http:\/\/mavereck.de\/index.php?rest_route=\/wp\/v2\/posts"}],"about":[{"href":"http:\/\/mavereck.de\/index.php?rest_route=\/wp\/v2\/types\/post"}],"author":[{"embeddable":true,"href":"http:\/\/mavereck.de\/index.php?rest_route=\/wp\/v2\/users\/1"}],"replies":[{"embeddable":true,"href":"http:\/\/mavereck.de\/index.php?rest_route=%2Fwp%2Fv2%2Fcomments&post=968"}],"version-history":[{"count":5,"href":"http:\/\/mavereck.de\/index.php?rest_route=\/wp\/v2\/posts\/968\/revisions"}],"predecessor-version":[{"id":1061,"href":"http:\/\/mavereck.de\/index.php?rest_route=\/wp\/v2\/posts\/968\/revisions\/1061"}],"wp:featuredmedia":[{"embeddable":true,"href":"http:\/\/mavereck.de\/index.php?rest_route=\/wp\/v2\/media\/919"}],"wp:attachment":[{"href":"http:\/\/mavereck.de\/index.php?rest_route=%2Fwp%2Fv2%2Fmedia&parent=968"}],"wp:term":[{"taxonomy":"category","embeddable":true,"href":"http:\/\/mavereck.de\/index.php?rest_route=%2Fwp%2Fv2%2Fcategories&post=968"},{"taxonomy":"post_tag","embeddable":true,"href":"http:\/\/mavereck.de\/index.php?rest_route=%2Fwp%2Fv2%2Ftags&post=968"}],"curies":[{"name":"wp","href":"https:\/\/api.w.org\/{rel}","templated":true}]}}