{"id":433,"date":"2017-02-26T17:43:10","date_gmt":"2017-02-26T17:43:10","guid":{"rendered":"http:\/\/mavereck.de\/?p=433"},"modified":"2018-02-13T13:04:44","modified_gmt":"2018-02-13T13:04:44","slug":"orangen","status":"publish","type":"post","link":"http:\/\/mavereck.de\/?p=433","title":{"rendered":"Tarte \u00e0 l&#8217;orange"},"content":{"rendered":"<blockquote><p><b>Orange &#8211; Arancia &#8211; Oranje<\/b><\/p>\n<p>Die Orange, obwohl wir sie gerne, aufgrund ihrer Farbe und Gr\u00f6\u00dfe, als Sommerfrucht missbrauchen, wird sie bei uns in Europa doch nur in den Wintermonaten geerntet. Die Orange, egal ob als Saft oder als Frucht, wird bei uns zumeist nur in diesen beiden Darreichungsformen genossen, dabei ist die Orange so vielseitig, dass sie auch noch zu mehr als nur Marmelade reicht &#8211; sie ist z.B. der k\u00f6stlich, fruchtige Star einer Orangen Tarte. Unglaublich k\u00f6stlicher und erfrischender Begleiter eines sch\u00f6nen Sonntagskaffees, der viele andere Fruchtkuchen locker in den Schatten stellt. Das Rezept findet man bei den <a href=\"http:\/\/instagram.com\/genussfreundinnen\" target=\"_blank\" rel=\"noopener\">Genussfreundinnen<\/a> unter <a href=\"http:\/\/www.genussfreundinnen.de\">www.genussfreundinnen.de<\/a><\/p>\n<div id='gallery-1' class='gallery galleryid-433 gallery-columns-3 gallery-size-full'><figure class='gallery-item'>\n\t\t\t<div class='gallery-icon landscape'>\n\t\t\t\t<a href='http:\/\/mavereck.de\/wp-content\/uploads\/2017\/02\/DSC1381_DxO.jpg'><img width=\"1600\" height=\"1068\" src=\"http:\/\/mavereck.de\/wp-content\/uploads\/2017\/02\/DSC1381_DxO.jpg\" class=\"attachment-full size-full\" alt=\"\" loading=\"lazy\" srcset=\"http:\/\/mavereck.de\/wp-content\/uploads\/2017\/02\/DSC1381_DxO.jpg 1600w, http:\/\/mavereck.de\/wp-content\/uploads\/2017\/02\/DSC1381_DxO-300x200.jpg 300w, http:\/\/mavereck.de\/wp-content\/uploads\/2017\/02\/DSC1381_DxO-768x513.jpg 768w, http:\/\/mavereck.de\/wp-content\/uploads\/2017\/02\/DSC1381_DxO-1024x684.jpg 1024w\" sizes=\"(max-width: 1600px) 100vw, 1600px\" itemprop=\"image\" \/><\/a>\n\t\t\t<\/div><\/figure><figure class='gallery-item'>\n\t\t\t<div class='gallery-icon landscape'>\n\t\t\t\t<a href='http:\/\/mavereck.de\/wp-content\/uploads\/2017\/02\/DSC1347_DxO.jpg'><img width=\"1600\" height=\"1068\" src=\"http:\/\/mavereck.de\/wp-content\/uploads\/2017\/02\/DSC1347_DxO.jpg\" class=\"attachment-full size-full\" alt=\"\" loading=\"lazy\" srcset=\"http:\/\/mavereck.de\/wp-content\/uploads\/2017\/02\/DSC1347_DxO.jpg 1600w, http:\/\/mavereck.de\/wp-content\/uploads\/2017\/02\/DSC1347_DxO-300x200.jpg 300w, http:\/\/mavereck.de\/wp-content\/uploads\/2017\/02\/DSC1347_DxO-768x513.jpg 768w, http:\/\/mavereck.de\/wp-content\/uploads\/2017\/02\/DSC1347_DxO-1024x684.jpg 1024w\" sizes=\"(max-width: 1600px) 100vw, 1600px\" itemprop=\"image\" \/><\/a>\n\t\t\t<\/div><\/figure><figure class='gallery-item'>\n\t\t\t<div class='gallery-icon landscape'>\n\t\t\t\t<a href='http:\/\/mavereck.de\/wp-content\/uploads\/2017\/02\/DSC1597_2DxO.jpg'><img width=\"1600\" height=\"1068\" src=\"http:\/\/mavereck.de\/wp-content\/uploads\/2017\/02\/DSC1597_2DxO.jpg\" class=\"attachment-full size-full\" alt=\"\" loading=\"lazy\" srcset=\"http:\/\/mavereck.de\/wp-content\/uploads\/2017\/02\/DSC1597_2DxO.jpg 1600w, http:\/\/mavereck.de\/wp-content\/uploads\/2017\/02\/DSC1597_2DxO-300x200.jpg 300w, http:\/\/mavereck.de\/wp-content\/uploads\/2017\/02\/DSC1597_2DxO-768x513.jpg 768w, http:\/\/mavereck.de\/wp-content\/uploads\/2017\/02\/DSC1597_2DxO-1024x684.jpg 1024w\" sizes=\"(max-width: 1600px) 100vw, 1600px\" itemprop=\"image\" \/><\/a>\n\t\t\t<\/div><\/figure><figure class='gallery-item'>\n\t\t\t<div class='gallery-icon landscape'>\n\t\t\t\t<a href='http:\/\/mavereck.de\/wp-content\/uploads\/2017\/02\/DSC1361_DxO.jpg'><img width=\"1600\" height=\"1068\" src=\"http:\/\/mavereck.de\/wp-content\/uploads\/2017\/02\/DSC1361_DxO.jpg\" class=\"attachment-full size-full\" alt=\"\" loading=\"lazy\" srcset=\"http:\/\/mavereck.de\/wp-content\/uploads\/2017\/02\/DSC1361_DxO.jpg 1600w, http:\/\/mavereck.de\/wp-content\/uploads\/2017\/02\/DSC1361_DxO-300x200.jpg 300w, http:\/\/mavereck.de\/wp-content\/uploads\/2017\/02\/DSC1361_DxO-768x513.jpg 768w, http:\/\/mavereck.de\/wp-content\/uploads\/2017\/02\/DSC1361_DxO-1024x684.jpg 1024w\" sizes=\"(max-width: 1600px) 100vw, 1600px\" itemprop=\"image\" \/><\/a>\n\t\t\t<\/div><\/figure><figure class='gallery-item'>\n\t\t\t<div class='gallery-icon landscape'>\n\t\t\t\t<a href='http:\/\/mavereck.de\/wp-content\/uploads\/2017\/02\/DSC1269_DxO.jpg'><img width=\"1600\" height=\"1066\" src=\"http:\/\/mavereck.de\/wp-content\/uploads\/2017\/02\/DSC1269_DxO.jpg\" class=\"attachment-full size-full\" alt=\"\" loading=\"lazy\" srcset=\"http:\/\/mavereck.de\/wp-content\/uploads\/2017\/02\/DSC1269_DxO.jpg 1600w, http:\/\/mavereck.de\/wp-content\/uploads\/2017\/02\/DSC1269_DxO-300x200.jpg 300w, http:\/\/mavereck.de\/wp-content\/uploads\/2017\/02\/DSC1269_DxO-768x512.jpg 768w, http:\/\/mavereck.de\/wp-content\/uploads\/2017\/02\/DSC1269_DxO-1024x682.jpg 1024w\" sizes=\"(max-width: 1600px) 100vw, 1600px\" itemprop=\"image\" \/><\/a>\n\t\t\t<\/div><\/figure><figure class='gallery-item'>\n\t\t\t<div class='gallery-icon portrait'>\n\t\t\t\t<a href='http:\/\/mavereck.de\/wp-content\/uploads\/2017\/02\/DSC1631_DxO.jpg'><img width=\"1545\" height=\"1600\" src=\"http:\/\/mavereck.de\/wp-content\/uploads\/2017\/02\/DSC1631_DxO.jpg\" class=\"attachment-full size-full\" alt=\"\" loading=\"lazy\" srcset=\"http:\/\/mavereck.de\/wp-content\/uploads\/2017\/02\/DSC1631_DxO.jpg 1545w, http:\/\/mavereck.de\/wp-content\/uploads\/2017\/02\/DSC1631_DxO-290x300.jpg 290w, http:\/\/mavereck.de\/wp-content\/uploads\/2017\/02\/DSC1631_DxO-768x795.jpg 768w, http:\/\/mavereck.de\/wp-content\/uploads\/2017\/02\/DSC1631_DxO-989x1024.jpg 989w\" sizes=\"(max-width: 1545px) 100vw, 1545px\" itemprop=\"image\" \/><\/a>\n\t\t\t<\/div><\/figure>\n\t\t<\/div>\n<\/blockquote>\n","protected":false},"excerpt":{"rendered":"<p>Orange &#8211; Arancia &#8211; Oranje Die Orange, obwohl wir sie gerne, aufgrund ihrer Farbe und Gr\u00f6\u00dfe, als Sommerfrucht missbrauchen, wird sie bei uns in Europa doch nur in den Wintermonaten geerntet. Die Orange, egal ob als Saft oder als Frucht, wird bei uns zumeist nur in diesen beiden Darreichungsformen genossen, dabei ist die Orange so&hellip;<\/p>\n","protected":false},"author":1,"featured_media":144,"comment_status":"open","ping_status":"open","sticky":false,"template":"","format":"standard","meta":[],"categories":[2],"tags":[40,32,7,113,9,117,118,114],"_links":{"self":[{"href":"http:\/\/mavereck.de\/index.php?rest_route=\/wp\/v2\/posts\/433"}],"collection":[{"href":"http:\/\/mavereck.de\/index.php?rest_route=\/wp\/v2\/posts"}],"about":[{"href":"http:\/\/mavereck.de\/index.php?rest_route=\/wp\/v2\/types\/post"}],"author":[{"embeddable":true,"href":"http:\/\/mavereck.de\/index.php?rest_route=\/wp\/v2\/users\/1"}],"replies":[{"embeddable":true,"href":"http:\/\/mavereck.de\/index.php?rest_route=%2Fwp%2Fv2%2Fcomments&post=433"}],"version-history":[{"count":13,"href":"http:\/\/mavereck.de\/index.php?rest_route=\/wp\/v2\/posts\/433\/revisions"}],"predecessor-version":[{"id":963,"href":"http:\/\/mavereck.de\/index.php?rest_route=\/wp\/v2\/posts\/433\/revisions\/963"}],"wp:featuredmedia":[{"embeddable":true,"href":"http:\/\/mavereck.de\/index.php?rest_route=\/wp\/v2\/media\/144"}],"wp:attachment":[{"href":"http:\/\/mavereck.de\/index.php?rest_route=%2Fwp%2Fv2%2Fmedia&parent=433"}],"wp:term":[{"taxonomy":"category","embeddable":true,"href":"http:\/\/mavereck.de\/index.php?rest_route=%2Fwp%2Fv2%2Fcategories&post=433"},{"taxonomy":"post_tag","embeddable":true,"href":"http:\/\/mavereck.de\/index.php?rest_route=%2Fwp%2Fv2%2Ftags&post=433"}],"curies":[{"name":"wp","href":"https:\/\/api.w.org\/{rel}","templated":true}]}}